{"id":709,"date":"2008-10-22T11:00:55","date_gmt":"2008-10-22T09:00:55","guid":{"rendered":"https:\/\/www.penelope-jolicoeur.com\/?p=709"},"modified":"2025-09-29T14:04:07","modified_gmt":"2025-09-29T12:04:07","slug":"mon-petit-grene","status":"publish","type":"post","link":"https:\/\/www.penelope-jolicoeur.com\/?p=709","title":{"rendered":"Mon petit Grenelle \u00e0 moi"},"content":{"rendered":"<p><a onclick=\"window.open(this.href, '_blank', 'width=450,height=422,scrollbars=no,resizable=no,toolbar=no,directories=no,location=no,menubar=no,status=no,left=0,top=0'); return false\" href=\"http:\/\/penelope-jolicoeur.typepad.fr\/.shared\/image.html?\/photos\/uncategorized\/2008\/10\/22\/ecolo.png\"><img loading=\"lazy\" decoding=\"async\" width=\"450\" height=\"422\" border=\"0\" src=\"https:\/\/www.penelope-jolicoeur.com\/wp-content\/uploads\/2008\/10\/ecolo.png\" title=\"Ecolo\" alt=\"Ecolo\" \/><\/a>\n<\/p>\n<p>Oh, chouette, un petit planning !<\/p>\n<p><strong>Demain soir<\/strong> (jeudi) :<br \/>Venez donc voir le vernissage de l&rsquo;expo photo de la tr\u00e8s talentueuse <a href=\"http:\/\/www.facebook.com\/inbox\/#\/event.php?eid=93106375064\">Chlo\u00e9 Vollmer-Lo<\/a> au Carpe Diem Caf\u00e9 \u00e0 partir de 19h, pour vous mettre en jambe pour la suite de la soir\u00e9e&#8230;<br \/>&#8230; Mais oui eh ! Demain soir c&rsquo;est aussi la <a href=\"http:\/\/www.facebook.com\/inbox\/#\/event.php?eid=30769867917\">We are the 90&rsquo;s session 7<\/a>, avec encore plus de Tang (c&rsquo;est magique) et d&rsquo;images Panini &quot;Le miel et les abeilles&quot; ! Rendez-vous comme d&rsquo;habitude au Sullivans de Pigalle \u00e0 partir de 22h, ne ratez pas mon set rock avec plein de chemises \u00e0 carreaux et de Doc Martens dedans !<br \/>Et pour ceux qui sont \u00e0 l&rsquo;aise avec leur bic quatre couleurs,&nbsp; <a href=\"http:\/\/www.lafraise.com\/contest.php?op=lafraise_shop&amp;lang=fr\">La Fraise<\/a> organise un <a href=\"http:\/\/blog.lafraise.com\/fr\/2008\/10\/le-concours-we-are-the-90s\/\">concours We are the 90&rsquo;s<\/a> !<\/p>\n<p><strong>Vendredi apr\u00e8s-midi<\/strong> et samedi matin, je serai au festival <strong>Quai des Bulles<\/strong>, \u00e0 St Malo, dans les parages du stand <a href=\"http:\/\/www.warum.fr\/\">Warum<\/a>, et ensuite je m&rsquo;enfuis \u00e0 <strong>Rennes<\/strong> pour y d\u00e9dicacer chez Album<strong> samedi apr\u00e8s-midi<\/strong> (mais mon train de retour est \u00e0 17h30, on pourra pas dire que j&rsquo;avais pas pr\u00e9venu)<\/p>\n<p>Et pis dimanche, normalement,&nbsp; je vais manger chez ma maman,&nbsp; mais je vous tiendrai au courant.<\/p>\n","protected":false},"excerpt":{"rendered":"<p>Oh, chouette, un petit planning ! Demain soir (jeudi) :Venez donc voir le vernissage de l&rsquo;expo photo de la tr\u00e8s talentueuse Chlo\u00e9 Vollmer-Lo au Carpe Diem Caf\u00e9 \u00e0 partir de 19h, pour vous mettre en jambe pour la suite de la soir\u00e9e&#8230;&#8230; Mais oui eh ! Demain soir c&rsquo;est aussi la We are the 90&rsquo;s [&hellip;]<\/p>\n","protected":false},"author":1,"featured_media":0,"comment_status":"closed","ping_status":"closed","sticky":false,"template":"","format":"standard","meta":{"footnotes":""},"categories":[1],"tags":[],"class_list":["post-709","post","type-post","status-publish","format-standard","hentry","category-non-classe"],"_links":{"self":[{"href":"https:\/\/www.penelope-jolicoeur.com\/index.php?rest_route=\/wp\/v2\/posts\/709","targetHints":{"allow":["GET"]}}],"collection":[{"href":"https:\/\/www.penelope-jolicoeur.com\/index.php?rest_route=\/wp\/v2\/posts"}],"about":[{"href":"https:\/\/www.penelope-jolicoeur.com\/index.php?rest_route=\/wp\/v2\/types\/post"}],"author":[{"embeddable":true,"href":"https:\/\/www.penelope-jolicoeur.com\/index.php?rest_route=\/wp\/v2\/users\/1"}],"replies":[{"embeddable":true,"href":"https:\/\/www.penelope-jolicoeur.com\/index.php?rest_route=%2Fwp%2Fv2%2Fcomments&post=709"}],"version-history":[{"count":1,"href":"https:\/\/www.penelope-jolicoeur.com\/index.php?rest_route=\/wp\/v2\/posts\/709\/revisions"}],"predecessor-version":[{"id":1828,"href":"https:\/\/www.penelope-jolicoeur.com\/index.php?rest_route=\/wp\/v2\/posts\/709\/revisions\/1828"}],"wp:attachment":[{"href":"https:\/\/www.penelope-jolicoeur.com\/index.php?rest_route=%2Fwp%2Fv2%2Fmedia&parent=709"}],"wp:term":[{"taxonomy":"category","embeddable":true,"href":"https:\/\/www.penelope-jolicoeur.com\/index.php?rest_route=%2Fwp%2Fv2%2Fcategories&post=709"},{"taxonomy":"post_tag","embeddable":true,"href":"https:\/\/www.penelope-jolicoeur.com\/index.php?rest_route=%2Fwp%2Fv2%2Ftags&post=709"}],"curies":[{"name":"wp","href":"https:\/\/api.w.org\/{rel}","templated":true}]}}